{"id":2583,"date":"2017-08-26T19:32:50","date_gmt":"2017-08-26T19:32:50","guid":{"rendered":"https:\/\/inteligensa.com\/?p=2583"},"modified":"2017-08-26T20:01:51","modified_gmt":"2017-08-26T20:01:51","slug":"los-pagos-moviles-crecen-via-inclusion-social-latam","status":"publish","type":"post","link":"https:\/\/test2.inteligensa.com\/en\/2017\/08\/26\/mobile-payments-grow-as-a-pathway-to-social-inclusion-in-latam\/","title":{"rendered":"Mobile payments grow as a pathway to social inclusion in Latam"},"content":{"rendered":"<img loading=\"lazy\" decoding=\"async\" class=\"wp-caption-dd\" src=\"https:\/\/inteligensa.com\/wp-content\/uploads\/2017\/08\/pagos-m\u00f3viles.jpg\" alt=\"Mobile payments grow as a pathway to social inclusion in Latam\" width=\"2122\" height=\"1234\" \/><\/p>\n<blockquote><p>Digital transactions based on wallets or smartphone apps acquire traction in Latin America and allow millions of users, previously marginalized from those services, to join the banking sector.<\/p><\/blockquote>\n<p>&nbsp;<\/p>\n<p>Thousands even millions of young people around the world are joining the banking system every day, &#8220;and none of them are thinking about having a credit card in their pocket, most of them are looking to have everything on the phone in a virtual way,&#8221; in an interview with Forbes M\u00e9xico, Marcelo Fondacaro says it all, who is the commercial director of VeriTran, a leading Argentine firm in digital banking solutions.<\/p>\n<p>This banking process is also becoming more and more accepted by the governments of the world, especially those with developing economies, as a way of social inclusion, he states: &#8220;If we only take into account those who have credit cards, which is 30% of the population in some countries in the region, we are just offering a means of payment for a certain class of people, but when governments begin to go down in the pyramid and provide services to other people, for example, digital payment methods, there is a social inclusion.<\/p>\n<p>This acceptance process, while advancing, it still has a long way to go. &#8220;There are studies that report a growth of 30% per year, although it is slower than other areas, such as digital banking, especially mobile banking, is very interesting because we are moving from the physical to the virtual world, in other words, instead of paying with cash or with a card, we are paying with virtual cards, mobile payments or wallets\u201d, Fondacaro says.<\/p>\n<p>Veritran knows a couple things about this issue. It is one of the few digital payment companies that has been endorsed by both Mastercard and Visa for payment tokenization; it works with 37 banks in the region and, through its platform, have completed more than 4 billion transactions &#8220;with zero frauds&#8221;, the director highlights.<\/p>\n<p>The core of Veritran&#8217;s business is security, one of the most critical topics when it comes to mobile payments, and a challenge for the adoption of this technology. &#8220;Any new entrepreneurship poses a challenge and certain insecurity for the people who use it. The credit card has been in the market for 40 years and still does not reach 100% of the population,&#8221; Fondacaro said.<\/p>\n<p>The commercial director adds that, although the models now thought for the mobile device and applications for the cell &#8220;are much safer and inclusive than the physical means, people distrust by ignorance&#8221;, nevertheless, that will be overcome &#8220;once people realizes that they are safe, that there is no fraud in their transactions, that a virtual card cannot be cloned, which will generate an increase in transactions&#8221;.<\/p>\n<p>Such increase is taking place naturally; Veritran expects that next year, the number of transactions will grow by 50%.<\/p>\n<p>Does that mean that we&#8217;ll say goodbye to cash soon? No, says the director, &#8220;The first thing is inclusion; governments must undertake actions that are inclusive; they have to join people to processes in a digital way.&#8221; The next thing that is needed is an environment that includes those who acquire the transaction, small businesses, &#8220;most projects think of the end user but do not consider the one who collects the payment, the transaction, when you create a serious environment of payment acceptance, that\u00b4s when cash will diminish,\u201d Fondacaro adds.<\/p>\n<p>&nbsp;<\/p>\n<p><strong>Source:<\/strong> <a href=\"https:\/\/www.forbes.com.mx\/los-pagos-moviles-crecen-como-via-de-inclusion-social-en-latam\/\" target=\"_blank\" rel=\"noopener noreferrer\">Forbes.com.mx<\/a>","protected":false},"excerpt":{"rendered":"<p>Digital transactions based on wallets or smartphone apps acquire traction in Latin America and allow millions of users, previously marginalized from those services, to join [&hellip;]<\/p>\n","protected":false},"author":5,"featured_media":2593,"comment_status":"closed","ping_status":"closed","sticky":false,"template":"","format":"standard","meta":{"_acf_changed":false,"footnotes":""},"categories":[13,12],"tags":[],"class_list":["post-2583","post","type-post","status-publish","format-standard","has-post-thumbnail","hentry","category-banca","category-medios-de-pago"],"acf":[],"yoast_head":"<!-- This site is optimized with the Yoast SEO plugin v27.5 - https:\/\/yoast.com\/product\/yoast-seo-wordpress\/ -->\n<title>Los pagos m\u00f3viles crecen como v\u00eda de inclusi\u00f3n social en Latam<\/title>\n<meta name=\"description\" content=\"Las transacciones basadas en wallets o tel\u00e9fonos inteligentes adquieren tracci\u00f3n en Am\u00e9rica Latina y permiten que millones de usuarios se sumen a la banca\" \/>\n<meta name=\"robots\" content=\"index, follow, max-snippet:-1, max-image-preview:large, max-video-preview:-1\" \/>\n<link rel=\"canonical\" href=\"https:\/\/test2.inteligensa.com\/2017\/08\/26\/los-pagos-moviles-crecen-como-via-de-inclusion-social-en-latam\/\" \/>\n<meta property=\"og:locale\" content=\"en_US\" \/>\n<meta property=\"og:type\" content=\"article\" \/>\n<meta property=\"og:title\" content=\"Los pagos m\u00f3viles crecen como v\u00eda de inclusi\u00f3n social en Latam\" \/>\n<meta property=\"og:description\" content=\"Las transacciones basadas en wallets o tel\u00e9fonos inteligentes adquieren tracci\u00f3n en Am\u00e9rica Latina y permiten que millones de usuarios se sumen a la banca\" \/>\n<meta property=\"og:url\" content=\"https:\/\/test2.inteligensa.com\/2017\/08\/26\/los-pagos-moviles-crecen-como-via-de-inclusion-social-en-latam\/\" \/>\n<meta property=\"og:site_name\" content=\"Inteligensa\" \/>\n<meta property=\"article:publisher\" content=\"https:\/\/www.facebook.com\/inteligensa\" \/>\n<meta property=\"article:published_time\" content=\"2017-08-26T19:32:50+00:00\" \/>\n<meta property=\"article:modified_time\" content=\"2017-08-26T20:01:51+00:00\" \/>\n<meta property=\"og:image\" content=\"https:\/\/test2.inteligensa.com\/wp-content\/uploads\/2017\/08\/pagos-m\u00f3viles.jpg\" \/>\n\t<meta property=\"og:image:width\" content=\"2122\" \/>\n\t<meta property=\"og:image:height\" content=\"1234\" \/>\n\t<meta property=\"og:image:type\" content=\"image\/jpeg\" \/>\n<meta name=\"twitter:card\" content=\"summary_large_image\" \/>\n<meta name=\"twitter:creator\" content=\"@inteligensa\" \/>\n<meta name=\"twitter:site\" content=\"@inteligensa\" \/>\n<meta name=\"twitter:label1\" content=\"Written by\" \/>\n\t<meta name=\"twitter:data1\" content=\"\" \/>\n\t<meta name=\"twitter:label2\" content=\"Est. reading time\" \/>\n\t<meta name=\"twitter:data2\" content=\"6 minutes\" \/>\n<script type=\"application\/ld+json\" class=\"yoast-schema-graph\">{\"@context\":\"https:\\\/\\\/schema.org\",\"@graph\":[{\"@type\":\"Article\",\"@id\":\"https:\\\/\\\/test2.inteligensa.com\\\/2017\\\/08\\\/26\\\/los-pagos-moviles-crecen-como-via-de-inclusion-social-en-latam\\\/#article\",\"isPartOf\":{\"@id\":\"https:\\\/\\\/test2.inteligensa.com\\\/2017\\\/08\\\/26\\\/los-pagos-moviles-crecen-como-via-de-inclusion-social-en-latam\\\/\"},\"author\":{\"name\":\"\",\"@id\":\"\"},\"headline\":\"Mobile payments grow as a pathway to social inclusion in Latam\",\"datePublished\":\"2017-08-26T19:32:50+00:00\",\"dateModified\":\"2017-08-26T20:01:51+00:00\",\"mainEntityOfPage\":{\"@id\":\"https:\\\/\\\/test2.inteligensa.com\\\/2017\\\/08\\\/26\\\/los-pagos-moviles-crecen-como-via-de-inclusion-social-en-latam\\\/\"},\"wordCount\":1223,\"publisher\":{\"@id\":\"https:\\\/\\\/test2.inteligensa.com\\\/#organization\"},\"image\":{\"@id\":\"https:\\\/\\\/test2.inteligensa.com\\\/2017\\\/08\\\/26\\\/los-pagos-moviles-crecen-como-via-de-inclusion-social-en-latam\\\/#primaryimage\"},\"thumbnailUrl\":\"https:\\\/\\\/test2.inteligensa.com\\\/wp-content\\\/uploads\\\/2017\\\/08\\\/pagos-m\u00f3viles.jpg\",\"articleSection\":[\"Banking\",\"Instruments of payment\"],\"inLanguage\":\"en-US\"},{\"@type\":\"WebPage\",\"@id\":\"https:\\\/\\\/test2.inteligensa.com\\\/2017\\\/08\\\/26\\\/los-pagos-moviles-crecen-como-via-de-inclusion-social-en-latam\\\/\",\"url\":\"https:\\\/\\\/test2.inteligensa.com\\\/2017\\\/08\\\/26\\\/los-pagos-moviles-crecen-como-via-de-inclusion-social-en-latam\\\/\",\"name\":\"Los pagos m\u00f3viles crecen como v\u00eda de inclusi\u00f3n social en Latam\",\"isPartOf\":{\"@id\":\"https:\\\/\\\/test2.inteligensa.com\\\/#website\"},\"primaryImageOfPage\":{\"@id\":\"https:\\\/\\\/test2.inteligensa.com\\\/2017\\\/08\\\/26\\\/los-pagos-moviles-crecen-como-via-de-inclusion-social-en-latam\\\/#primaryimage\"},\"image\":{\"@id\":\"https:\\\/\\\/test2.inteligensa.com\\\/2017\\\/08\\\/26\\\/los-pagos-moviles-crecen-como-via-de-inclusion-social-en-latam\\\/#primaryimage\"},\"thumbnailUrl\":\"https:\\\/\\\/test2.inteligensa.com\\\/wp-content\\\/uploads\\\/2017\\\/08\\\/pagos-m\u00f3viles.jpg\",\"datePublished\":\"2017-08-26T19:32:50+00:00\",\"dateModified\":\"2017-08-26T20:01:51+00:00\",\"description\":\"Las transacciones basadas en wallets o tel\u00e9fonos inteligentes adquieren tracci\u00f3n en Am\u00e9rica Latina y permiten que millones de usuarios se sumen a la banca\",\"breadcrumb\":{\"@id\":\"https:\\\/\\\/test2.inteligensa.com\\\/2017\\\/08\\\/26\\\/los-pagos-moviles-crecen-como-via-de-inclusion-social-en-latam\\\/#breadcrumb\"},\"inLanguage\":\"en-US\",\"potentialAction\":[{\"@type\":\"ReadAction\",\"target\":[\"https:\\\/\\\/test2.inteligensa.com\\\/2017\\\/08\\\/26\\\/los-pagos-moviles-crecen-como-via-de-inclusion-social-en-latam\\\/\"]}]},{\"@type\":\"ImageObject\",\"inLanguage\":\"en-US\",\"@id\":\"https:\\\/\\\/test2.inteligensa.com\\\/2017\\\/08\\\/26\\\/los-pagos-moviles-crecen-como-via-de-inclusion-social-en-latam\\\/#primaryimage\",\"url\":\"https:\\\/\\\/test2.inteligensa.com\\\/wp-content\\\/uploads\\\/2017\\\/08\\\/pagos-m\u00f3viles.jpg\",\"contentUrl\":\"https:\\\/\\\/test2.inteligensa.com\\\/wp-content\\\/uploads\\\/2017\\\/08\\\/pagos-m\u00f3viles.jpg\",\"width\":2122,\"height\":1234},{\"@type\":\"BreadcrumbList\",\"@id\":\"https:\\\/\\\/test2.inteligensa.com\\\/2017\\\/08\\\/26\\\/los-pagos-moviles-crecen-como-via-de-inclusion-social-en-latam\\\/#breadcrumb\",\"itemListElement\":[{\"@type\":\"ListItem\",\"position\":1,\"name\":\"Portada\",\"item\":\"https:\\\/\\\/test2.inteligensa.com\\\/\"},{\"@type\":\"ListItem\",\"position\":2,\"name\":\"Los pagos m\u00f3viles crecen como v\u00eda de inclusi\u00f3n social en Latam\"}]},{\"@type\":\"WebSite\",\"@id\":\"https:\\\/\\\/test2.inteligensa.com\\\/#website\",\"url\":\"https:\\\/\\\/test2.inteligensa.com\\\/\",\"name\":\"Inteligensa\",\"description\":\"Soluciones inteligentes para negocios masivos\",\"publisher\":{\"@id\":\"https:\\\/\\\/test2.inteligensa.com\\\/#organization\"},\"potentialAction\":[{\"@type\":\"SearchAction\",\"target\":{\"@type\":\"EntryPoint\",\"urlTemplate\":\"https:\\\/\\\/test2.inteligensa.com\\\/?s={search_term_string}\"},\"query-input\":{\"@type\":\"PropertyValueSpecification\",\"valueRequired\":true,\"valueName\":\"search_term_string\"}}],\"inLanguage\":\"en-US\"},{\"@type\":\"Organization\",\"@id\":\"https:\\\/\\\/test2.inteligensa.com\\\/#organization\",\"name\":\"Inteligensa\",\"url\":\"https:\\\/\\\/test2.inteligensa.com\\\/\",\"logo\":{\"@type\":\"ImageObject\",\"inLanguage\":\"en-US\",\"@id\":\"https:\\\/\\\/test2.inteligensa.com\\\/#\\\/schema\\\/logo\\\/image\\\/\",\"url\":\"\",\"contentUrl\":\"\",\"caption\":\"Inteligensa\"},\"image\":{\"@id\":\"https:\\\/\\\/test2.inteligensa.com\\\/#\\\/schema\\\/logo\\\/image\\\/\"},\"sameAs\":[\"https:\\\/\\\/www.facebook.com\\\/inteligensa\",\"https:\\\/\\\/x.com\\\/inteligensa\",\"https:\\\/\\\/www.linkedin.com\\\/company\\\/inteligensa\",\"https:\\\/\\\/www.youtube.com\\\/user\\\/inteligensa\"]},{\"@type\":\"Person\",\"@id\":\"\"}]}<\/script>\n<!-- \/ Yoast SEO plugin. -->","yoast_head_json":{"title":"Los pagos m\u00f3viles crecen como v\u00eda de inclusi\u00f3n social en Latam","description":"Las transacciones basadas en wallets o tel\u00e9fonos inteligentes adquieren tracci\u00f3n en Am\u00e9rica Latina y permiten que millones de usuarios se sumen a la banca","robots":{"index":"index","follow":"follow","max-snippet":"max-snippet:-1","max-image-preview":"max-image-preview:large","max-video-preview":"max-video-preview:-1"},"canonical":"https:\/\/test2.inteligensa.com\/2017\/08\/26\/los-pagos-moviles-crecen-como-via-de-inclusion-social-en-latam\/","og_locale":"en_US","og_type":"article","og_title":"Los pagos m\u00f3viles crecen como v\u00eda de inclusi\u00f3n social en Latam","og_description":"Las transacciones basadas en wallets o tel\u00e9fonos inteligentes adquieren tracci\u00f3n en Am\u00e9rica Latina y permiten que millones de usuarios se sumen a la banca","og_url":"https:\/\/test2.inteligensa.com\/2017\/08\/26\/los-pagos-moviles-crecen-como-via-de-inclusion-social-en-latam\/","og_site_name":"Inteligensa","article_publisher":"https:\/\/www.facebook.com\/inteligensa","article_published_time":"2017-08-26T19:32:50+00:00","article_modified_time":"2017-08-26T20:01:51+00:00","og_image":[{"width":2122,"height":1234,"url":"https:\/\/test2.inteligensa.com\/wp-content\/uploads\/2017\/08\/pagos-m\u00f3viles.jpg","type":"image\/jpeg"}],"twitter_card":"summary_large_image","twitter_creator":"@inteligensa","twitter_site":"@inteligensa","twitter_misc":{"Written by":"","Est. reading time":"6 minutes"},"schema":{"@context":"https:\/\/schema.org","@graph":[{"@type":"Article","@id":"https:\/\/test2.inteligensa.com\/2017\/08\/26\/los-pagos-moviles-crecen-como-via-de-inclusion-social-en-latam\/#article","isPartOf":{"@id":"https:\/\/test2.inteligensa.com\/2017\/08\/26\/los-pagos-moviles-crecen-como-via-de-inclusion-social-en-latam\/"},"author":{"name":"","@id":""},"headline":"Mobile payments grow as a pathway to social inclusion in Latam","datePublished":"2017-08-26T19:32:50+00:00","dateModified":"2017-08-26T20:01:51+00:00","mainEntityOfPage":{"@id":"https:\/\/test2.inteligensa.com\/2017\/08\/26\/los-pagos-moviles-crecen-como-via-de-inclusion-social-en-latam\/"},"wordCount":1223,"publisher":{"@id":"https:\/\/test2.inteligensa.com\/#organization"},"image":{"@id":"https:\/\/test2.inteligensa.com\/2017\/08\/26\/los-pagos-moviles-crecen-como-via-de-inclusion-social-en-latam\/#primaryimage"},"thumbnailUrl":"https:\/\/test2.inteligensa.com\/wp-content\/uploads\/2017\/08\/pagos-m\u00f3viles.jpg","articleSection":["Banking","Instruments of payment"],"inLanguage":"en-US"},{"@type":"WebPage","@id":"https:\/\/test2.inteligensa.com\/2017\/08\/26\/los-pagos-moviles-crecen-como-via-de-inclusion-social-en-latam\/","url":"https:\/\/test2.inteligensa.com\/2017\/08\/26\/los-pagos-moviles-crecen-como-via-de-inclusion-social-en-latam\/","name":"Los pagos m\u00f3viles crecen como v\u00eda de inclusi\u00f3n social en Latam","isPartOf":{"@id":"https:\/\/test2.inteligensa.com\/#website"},"primaryImageOfPage":{"@id":"https:\/\/test2.inteligensa.com\/2017\/08\/26\/los-pagos-moviles-crecen-como-via-de-inclusion-social-en-latam\/#primaryimage"},"image":{"@id":"https:\/\/test2.inteligensa.com\/2017\/08\/26\/los-pagos-moviles-crecen-como-via-de-inclusion-social-en-latam\/#primaryimage"},"thumbnailUrl":"https:\/\/test2.inteligensa.com\/wp-content\/uploads\/2017\/08\/pagos-m\u00f3viles.jpg","datePublished":"2017-08-26T19:32:50+00:00","dateModified":"2017-08-26T20:01:51+00:00","description":"Las transacciones basadas en wallets o tel\u00e9fonos inteligentes adquieren tracci\u00f3n en Am\u00e9rica Latina y permiten que millones de usuarios se sumen a la banca","breadcrumb":{"@id":"https:\/\/test2.inteligensa.com\/2017\/08\/26\/los-pagos-moviles-crecen-como-via-de-inclusion-social-en-latam\/#breadcrumb"},"inLanguage":"en-US","potentialAction":[{"@type":"ReadAction","target":["https:\/\/test2.inteligensa.com\/2017\/08\/26\/los-pagos-moviles-crecen-como-via-de-inclusion-social-en-latam\/"]}]},{"@type":"ImageObject","inLanguage":"en-US","@id":"https:\/\/test2.inteligensa.com\/2017\/08\/26\/los-pagos-moviles-crecen-como-via-de-inclusion-social-en-latam\/#primaryimage","url":"https:\/\/test2.inteligensa.com\/wp-content\/uploads\/2017\/08\/pagos-m\u00f3viles.jpg","contentUrl":"https:\/\/test2.inteligensa.com\/wp-content\/uploads\/2017\/08\/pagos-m\u00f3viles.jpg","width":2122,"height":1234},{"@type":"BreadcrumbList","@id":"https:\/\/test2.inteligensa.com\/2017\/08\/26\/los-pagos-moviles-crecen-como-via-de-inclusion-social-en-latam\/#breadcrumb","itemListElement":[{"@type":"ListItem","position":1,"name":"Portada","item":"https:\/\/test2.inteligensa.com\/"},{"@type":"ListItem","position":2,"name":"Los pagos m\u00f3viles crecen como v\u00eda de inclusi\u00f3n social en Latam"}]},{"@type":"WebSite","@id":"https:\/\/test2.inteligensa.com\/#website","url":"https:\/\/test2.inteligensa.com\/","name":"Inteligensa","description":"Soluciones inteligentes para negocios masivos","publisher":{"@id":"https:\/\/test2.inteligensa.com\/#organization"},"potentialAction":[{"@type":"SearchAction","target":{"@type":"EntryPoint","urlTemplate":"https:\/\/test2.inteligensa.com\/?s={search_term_string}"},"query-input":{"@type":"PropertyValueSpecification","valueRequired":true,"valueName":"search_term_string"}}],"inLanguage":"en-US"},{"@type":"Organization","@id":"https:\/\/test2.inteligensa.com\/#organization","name":"Inteligensa","url":"https:\/\/test2.inteligensa.com\/","logo":{"@type":"ImageObject","inLanguage":"en-US","@id":"https:\/\/test2.inteligensa.com\/#\/schema\/logo\/image\/","url":"","contentUrl":"","caption":"Inteligensa"},"image":{"@id":"https:\/\/test2.inteligensa.com\/#\/schema\/logo\/image\/"},"sameAs":["https:\/\/www.facebook.com\/inteligensa","https:\/\/x.com\/inteligensa","https:\/\/www.linkedin.com\/company\/inteligensa","https:\/\/www.youtube.com\/user\/inteligensa"]},{"@type":"Person","@id":""}]}},"jetpack_featured_media_url":"https:\/\/test2.inteligensa.com\/wp-content\/uploads\/2017\/08\/pagos-m\u00f3viles.jpg","_links":{"self":[{"href":"https:\/\/test2.inteligensa.com\/en\/wp-json\/wp\/v2\/posts\/2583","targetHints":{"allow":["GET"]}}],"collection":[{"href":"https:\/\/test2.inteligensa.com\/en\/wp-json\/wp\/v2\/posts"}],"about":[{"href":"https:\/\/test2.inteligensa.com\/en\/wp-json\/wp\/v2\/types\/post"}],"author":[{"embeddable":true,"href":"https:\/\/test2.inteligensa.com\/en\/wp-json\/wp\/v2\/users\/5"}],"replies":[{"embeddable":true,"href":"https:\/\/test2.inteligensa.com\/en\/wp-json\/wp\/v2\/comments?post=2583"}],"version-history":[{"count":13,"href":"https:\/\/test2.inteligensa.com\/en\/wp-json\/wp\/v2\/posts\/2583\/revisions"}],"predecessor-version":[{"id":2598,"href":"https:\/\/test2.inteligensa.com\/en\/wp-json\/wp\/v2\/posts\/2583\/revisions\/2598"}],"wp:featuredmedia":[{"embeddable":true,"href":"https:\/\/test2.inteligensa.com\/en\/wp-json\/wp\/v2\/media\/2593"}],"wp:attachment":[{"href":"https:\/\/test2.inteligensa.com\/en\/wp-json\/wp\/v2\/media?parent=2583"}],"wp:term":[{"taxonomy":"category","embeddable":true,"href":"https:\/\/test2.inteligensa.com\/en\/wp-json\/wp\/v2\/categories?post=2583"},{"taxonomy":"post_tag","embeddable":true,"href":"https:\/\/test2.inteligensa.com\/en\/wp-json\/wp\/v2\/tags?post=2583"}],"curies":[{"name":"wp","href":"https:\/\/api.w.org\/{rel}","templated":true}]}}